{"id":79442,"date":"2026-04-22T15:25:54","date_gmt":"2026-04-22T13:25:54","guid":{"rendered":"https:\/\/seminar-blaubeuren.de\/?p=79442"},"modified":"2026-04-27T11:33:20","modified_gmt":"2026-04-27T09:33:20","slug":"osterfreizeit","status":"publish","type":"post","link":"https:\/\/seminar-blaubeuren.de\/index.php\/2026\/04\/osterfreizeit\/","title":{"rendered":"Osterfreizeit"},"content":{"rendered":"<div class=\"wpb-content-wrapper\"><p>[vc_row][vc_column width=&#8220;1\/1&#8243;][vc_custom_heading uncode_shortcode_id=&#8220;163382&#8243;]<\/p>\n<h3>Osterfreizeit<\/h3>\n<p>[\/vc_custom_heading][vc_column_text uncode_shortcode_id=&#8220;162020&#8243;]Vom 28.03.-1.04.2026 fand erstmals eine Osterfreizeit f\u00fcr Kinder im Alter von 10-13 Jahren am Seminar statt. Mit einem neunk\u00f6pfigen Team aktueller und ehemaliger Semis unter der Leitung von unseren Seminar-Pfarrern Angelika Kasper und Silas Stock ging es darum, \u201eDas Geheimnis der Klostermauern\u201c zu entdecken. F\u00fcr die 19 Teilnehmerinnen und Teilnehmer, immer wieder in M\u00f6nchskutten gekleidet, wurde ein abwechslungsreiches Programm mit verschiedenen Workshops, Gel\u00e4nde- und Gesellschaftsspielen sowie Sportangeboten organisiert. Neben Morgen- und Abendimpulsen gab es Andachten, bei denen \u00fcber Lebens- und Glaubensfragen nachgesonnen wurde. Jeder Teilnehmende wurde nach den Freizeittagen mit einem Zertifikat entlassen, das die \u201eerfolgreiche Teilnahme am Klosterleben\u201c bescheinigt und zu einer Bewerbung um einen Platz beim Landexamen einl\u00e4dt!<\/p>\n<p>[\/vc_column_text][\/vc_column][\/vc_row][vc_row][vc_column width=&#8220;1\/1&#8243;][vc_gallery el_id=&#8220;gallery-561652&#8243; medias=&#8220;79473,79449,79450,79451,79452,79453,79454,79455,79456,79457,79458,79459,79460,79461,79462,79463,79465,79464,79466,79467,79474&#8243; gutter_size=&#8220;3&#8243; single_overlay_opacity=&#8220;50&#8243; single_padding=&#8220;2&#8243; uncode_shortcode_id=&#8220;214194&#8243; title=&#8220;Osterfreizeit&#8220;][\/vc_column][\/vc_row]<\/p>\n<\/div>","protected":false},"excerpt":{"rendered":"<p>[vc_row][vc_column width=&#8220;1\/1&#8243;][vc_custom_heading uncode_shortcode_id=&#8220;163382&#8243;] Osterfreizeit [\/vc_custom_heading][vc_column_text uncode_shortcode_id=&#8220;162020&#8243;]Vom 28.03.-1.04.2026 fand erstmals eine Osterfreizeit f\u00fcr Kinder im Alter von 10-13 Jahren am Seminar [&hellip;]<\/p>\n","protected":false},"author":5,"featured_media":79462,"comment_status":"closed","ping_status":"closed","sticky":false,"template":"","format":"standard","meta":{"footnotes":""},"categories":[1],"tags":[],"class_list":["post-79442","post","type-post","status-publish","format-standard","has-post-thumbnail","hentry","category-allgemein"],"_links":{"self":[{"href":"https:\/\/seminar-blaubeuren.de\/index.php\/wp-json\/wp\/v2\/posts\/79442","targetHints":{"allow":["GET"]}}],"collection":[{"href":"https:\/\/seminar-blaubeuren.de\/index.php\/wp-json\/wp\/v2\/posts"}],"about":[{"href":"https:\/\/seminar-blaubeuren.de\/index.php\/wp-json\/wp\/v2\/types\/post"}],"author":[{"embeddable":true,"href":"https:\/\/seminar-blaubeuren.de\/index.php\/wp-json\/wp\/v2\/users\/5"}],"replies":[{"embeddable":true,"href":"https:\/\/seminar-blaubeuren.de\/index.php\/wp-json\/wp\/v2\/comments?post=79442"}],"version-history":[{"count":5,"href":"https:\/\/seminar-blaubeuren.de\/index.php\/wp-json\/wp\/v2\/posts\/79442\/revisions"}],"predecessor-version":[{"id":79470,"href":"https:\/\/seminar-blaubeuren.de\/index.php\/wp-json\/wp\/v2\/posts\/79442\/revisions\/79470"}],"wp:featuredmedia":[{"embeddable":true,"href":"https:\/\/seminar-blaubeuren.de\/index.php\/wp-json\/wp\/v2\/media\/79462"}],"wp:attachment":[{"href":"https:\/\/seminar-blaubeuren.de\/index.php\/wp-json\/wp\/v2\/media?parent=79442"}],"wp:term":[{"taxonomy":"category","embeddable":true,"href":"https:\/\/seminar-blaubeuren.de\/index.php\/wp-json\/wp\/v2\/categories?post=79442"},{"taxonomy":"post_tag","embeddable":true,"href":"https:\/\/seminar-blaubeuren.de\/index.php\/wp-json\/wp\/v2\/tags?post=79442"}],"curies":[{"name":"wp","href":"https:\/\/api.w.org\/{rel}","templated":true}]}}