{"id":78972,"date":"2024-11-15T19:27:57","date_gmt":"2024-11-15T18:27:57","guid":{"rendered":"https:\/\/seminar-blaubeuren.de\/?p=78972"},"modified":"2024-11-24T19:28:22","modified_gmt":"2024-11-24T18:28:22","slug":"streiter-wider-den-hass-4-blaubeurer-stadtgespraech-mit-heribert-prantl","status":"publish","type":"post","link":"https:\/\/seminar-blaubeuren.de\/index.php\/2024\/11\/streiter-wider-den-hass-4-blaubeurer-stadtgespraech-mit-heribert-prantl\/","title":{"rendered":"Streiter wider den Hass &#8211; 4. Blaubeurer Stadtgespr\u00e4ch mit Heribert Prantl am 8.11.2024"},"content":{"rendered":"<h4>\u00a0Um Demokratie \u2013 vor allem ihren Schutz \u2013 ging es in den Stadtgespr\u00e4chen mit dem bekannten Publizisten und Juristen Heribert Prantl.<br \/>\n<em>Margot Autenrieth-Kronenthaler, Blaum\u00e4nnle \/ SWP, 15.11.2024<\/em><\/h4>\n<p>Ist die Meinungsfreiheit in Deutschland in Gefahr? Darf man sagen, was man denkt?<br \/>\nUm solche Fragen ging es beim 4. Blaubeurer Stadtgespr\u00e4ch im Klosterkirchensaal. Zu Gast war der renommierte Publizist Prof. Heribert Prantl, der in einem anderthalbst\u00fcndigen Vortrag seine Sicht der Dinge darstellte und nicht zuletzt ein politisches Bet\u00e4tigungsverbot f\u00fcr Neonazis wie etwa Bj\u00f6rn H\u00f6cke (AfD) sowie ein\u00a0 Verbotsverfahren gegen die AfD forderte.<br \/>\nEphorus Jochen Sch\u00e4ffler konnte als Hausherr gut 200 Besucher begr\u00fc\u00dfen. Der Abend wurde von Dekan Frithjof Schwesig moderiert. Er stellte Prantl vor \u2013 als einen politischen, streitbaren Journalisten, als kenntnisreichen Kolumnisten der S\u00fcddeutschen Zeitung, als engagierten Zeitzeugen und bekennenden katholischen<br \/>\nChristen. Zudem ist Prantl studierter Jurist und war vor seiner journalistischen Karriere als Richter und Staatsanwalt t\u00e4tig.<br \/>\nMit seiner markanten Stimme sprach Prantl die Zuh\u00f6rer immer wieder als Demokratinnen und Demokraten an. \u201eDie Meinungsfreiheit ist der innerste Kern der Demokratie, und mit ihr steht und f\u00e4llt sie\u201c, sagte der Publizist.<\/p>\n<p>Grenzen der Meinungsfreiheit w\u00fcrden nur durch das Strafrecht gesetzt. Wenn es Orgien aus Hass, Ehrverletzungen, aggressivem Mobbing, Schm\u00e4hkritik oder Hetze gibt, sei die rote Linie \u00fcberschritten. \u201eIch stand fassungslos vor der Verrohung, das Internet wurde zur Kloake.\u201c Meinungsfreiheit sei jedoch nie eine Mehrheits-Meinungsfreiheit, betonte er. Sie sei immer auch das Recht der Andersdenkenden. Wenn Grenzen \u00fcberschritten werden, m\u00fcsse das Konsequenzen haben. Er kritisierte die oft inkonsequente Strafverfolgung. Die Justiz sei noch nicht richtig aufgestellt und m\u00fcsse schnell personell und technisch in die Lage versetzt werden,\u00a0 konsequent reagieren zu k\u00f6nnen, forderte Prantl.<br \/>\nDie Demokratie sei das erfolgreichste, beste \u201eBetriebssystem\u201c, mit dem die Zukunft miteinander gestaltet werden k\u00f6nne. Gerade Autokraten rechtfertigten ihren Machterhalt mit \u201edemokratischen\u201c Wahlen. \u201eIch f\u00fcrchte, in den USA m\u00fcssen wir in K\u00fcrze diese Pervertierung erleben.\u201c Die Meinungsfreiheit und die Pressefreiheit seien st\u00fctzende Institutionen f\u00fcr die Demokratie. Pressefreiheit brauche es, um die Grundrechte zu verteidigen. Prantl forderte einen verantwortungsvollen, qualitativ hochwertigen Journalismus.<\/p>\n<p>Wie erkennt man guten Journalismus? Journalisten m\u00fcssten sachkundig, neugierig, ausdauernd, wahrheitsliebend, souver\u00e4n, sorgf\u00e4ltig und mit einem Aufkl\u00e4rungsinteresse arbeiten, lautete seine Antwort.\u00a0 \u201eJournalismus braucht Qualit\u00e4t. Es geht nicht um Klicks oder Auflage, sondern um die Frage, wie man Vertrauen schafft\u201c, appellierte er. Die Macht und die M\u00e4chtigen gelte es zu kontrollieren, die Wahrheit m\u00fcsse ans Licht, etwa durch Aufdeckung von Skandalen. Der Journalismus k\u00f6nne als Moderator und Motor f\u00fcr Ver\u00e4nderung t\u00e4tig werden. Die Pressefreiheit m\u00fcsse die W\u00fcrde des Menschen verteidigen, gerade die der Minderheiten. Es gelte, gegen den Hass zu arbeiten, zu schreiben, zu senden, forderte Prantl. \u201eDer Hass ist m\u00e4chtig, eine furchtbare Kraft. Er entmenschlicht.\u201c Die Demokratie bilde auch eine Wertegemeinschaft, und wer diese Werte aktiv bek\u00e4mpfe wie Bj\u00f6rn H\u00f6cke und andere Neonazis, der missbrauche das Grundgesetz und geh\u00f6re mit Einsatz\u00a0 von Artikel 18 mit einem politischen Aktionsverbot belegt, forderte Prantl. Der Publizist pl\u00e4dierte f\u00fcr eine streitbare und wehrhafte Demokratie. \u201eWer die Grundrechte missbraucht, der verwirkt sie. Der Notfall ist eingetreten.\u201c<br \/>\nIn der anschlie\u00dfenden Fragerunde erhielt er spontanen Beifall, als er die Einleitung eines AfDVerbotsverfahrens forderte. Er habe die Radikalisierung beobachtet. Er werte damit nicht die W\u00e4hler. \u201eMan muss die Partei politisch und auf dem juristischen Weg bek\u00e4mpfen, mit den Mitteln und M\u00f6glichkeiten des Grundgesetzes.\u201c Auch auf die Gefahr hin, dass es misslingt? \u201eIch w\u00fcrde es trotzdem probieren wollen\u201c, sagte Prantl. Die Besucher kamen noch miteinander in lebhafte Gespr\u00e4che. Am B\u00fcchertisch fanden Prantls Werke guten Absatz. Der Abend klang im Kreuzgang bei Kerzenlicht und Liedern aus.<\/p>\n","protected":false},"excerpt":{"rendered":"<p>\u00a0Um Demokratie \u2013 vor allem ihren Schutz \u2013 ging es in den Stadtgespr\u00e4chen mit dem bekannten Publizisten und Juristen Heribert [&hellip;]<\/p>\n","protected":false},"author":5,"featured_media":78975,"comment_status":"closed","ping_status":"closed","sticky":false,"template":"","format":"standard","meta":{"footnotes":""},"categories":[1,185],"tags":[],"class_list":["post-78972","post","type-post","status-publish","format-standard","has-post-thumbnail","hentry","category-allgemein","category-vortraege"],"_links":{"self":[{"href":"https:\/\/seminar-blaubeuren.de\/index.php\/wp-json\/wp\/v2\/posts\/78972","targetHints":{"allow":["GET"]}}],"collection":[{"href":"https:\/\/seminar-blaubeuren.de\/index.php\/wp-json\/wp\/v2\/posts"}],"about":[{"href":"https:\/\/seminar-blaubeuren.de\/index.php\/wp-json\/wp\/v2\/types\/post"}],"author":[{"embeddable":true,"href":"https:\/\/seminar-blaubeuren.de\/index.php\/wp-json\/wp\/v2\/users\/5"}],"replies":[{"embeddable":true,"href":"https:\/\/seminar-blaubeuren.de\/index.php\/wp-json\/wp\/v2\/comments?post=78972"}],"version-history":[{"count":3,"href":"https:\/\/seminar-blaubeuren.de\/index.php\/wp-json\/wp\/v2\/posts\/78972\/revisions"}],"predecessor-version":[{"id":78978,"href":"https:\/\/seminar-blaubeuren.de\/index.php\/wp-json\/wp\/v2\/posts\/78972\/revisions\/78978"}],"wp:featuredmedia":[{"embeddable":true,"href":"https:\/\/seminar-blaubeuren.de\/index.php\/wp-json\/wp\/v2\/media\/78975"}],"wp:attachment":[{"href":"https:\/\/seminar-blaubeuren.de\/index.php\/wp-json\/wp\/v2\/media?parent=78972"}],"wp:term":[{"taxonomy":"category","embeddable":true,"href":"https:\/\/seminar-blaubeuren.de\/index.php\/wp-json\/wp\/v2\/categories?post=78972"},{"taxonomy":"post_tag","embeddable":true,"href":"https:\/\/seminar-blaubeuren.de\/index.php\/wp-json\/wp\/v2\/tags?post=78972"}],"curies":[{"name":"wp","href":"https:\/\/api.w.org\/{rel}","templated":true}]}}