{"id":78440,"date":"2024-01-23T13:39:55","date_gmt":"2024-01-23T12:39:55","guid":{"rendered":"https:\/\/seminar-blaubeuren.de\/?p=78440"},"modified":"2024-01-23T13:45:57","modified_gmt":"2024-01-23T12:45:57","slug":"ein-nachruf-auf-dr-andrea-morgenstern","status":"publish","type":"post","link":"https:\/\/seminar-blaubeuren.de\/index.php\/2024\/01\/ein-nachruf-auf-dr-andrea-morgenstern\/","title":{"rendered":"Ein Nachruf auf Dr. Andrea Morgenstern"},"content":{"rendered":"<p style=\"font-weight: 400;\">Das Evangelische Seminar Blaubeuren trauert um seine ehemalige Lehrerin und Kollegin Dr. Andrea Morgenstern.<\/p>\n<p style=\"font-weight: 400;\">Andrea Morgenstern versah \u00fcber zehn Jahre die Stelle der Seminarpfarrerin. Mit gro\u00dfem Engagement und mit viel Leidenschaft setzte sie sich f\u00fcr unsere Schule und das Internat ein \u2013 und vor allen Dingen f\u00fcr die Menschen, die hier leben und lernen und arbeiten.<\/p>\n<p style=\"font-weight: 400;\">Sie war f\u00fcr unsere Sch\u00fclerinnen und Sch\u00fclern eine gesch\u00e4tzte Lehrerin: In ihren F\u00e4chern Religion, Hebr\u00e4isch und Psychologie hat sie viele Promotionen gepr\u00e4gt. Als Betreuerin und Seelsorgerin wurde sie gemocht und bei vielen Fragen gerne konsultiert. F\u00fcr Lehrende wie auch f\u00fcr die Mitarbeiterinnen und Mitarbeiter war sie eine gute Kollegin und Nachbarin und auch eine kluge Ratgeberin.<\/p>\n<p style=\"font-weight: 400;\">Nicht zuletzt war sie auch f\u00fcr die Eltern in unserer Schulgemeinschaft in besonderer Weise da: Eltern wussten ihre Kinder in der Obhut von Frau Morgenstern gut aufgehoben.<\/p>\n<p style=\"font-weight: 400;\">In der Schulgemeinschaft teilen wir viele sch\u00f6ne Erinnerungen an Frau Morgenstern, an ihre wertvolle Arbeit und ihre einf\u00fchlsame Art. Wir sind dankbar f\u00fcr allen Segen, der durch ihre Arbeit und ihre Person ins Seminar gekommen ist, und werden sie nicht vergessen!<\/p>\n<p style=\"font-weight: 400;\"><img decoding=\"async\" class=\"alignnone size-full wp-image-78450\" src=\"https:\/\/seminar-blaubeuren.de\/wp-content\/uploads\/2024\/01\/Traueranzeige-Morgenstern-scaled.jpg\" alt=\"\" width=\"2560\" height=\"1324\" srcset=\"https:\/\/seminar-blaubeuren.de\/wp-content\/uploads\/2024\/01\/Traueranzeige-Morgenstern-scaled.jpg 2560w, https:\/\/seminar-blaubeuren.de\/wp-content\/uploads\/2024\/01\/Traueranzeige-Morgenstern-300x155.jpg 300w, https:\/\/seminar-blaubeuren.de\/wp-content\/uploads\/2024\/01\/Traueranzeige-Morgenstern-1024x529.jpg 1024w, https:\/\/seminar-blaubeuren.de\/wp-content\/uploads\/2024\/01\/Traueranzeige-Morgenstern-768x397.jpg 768w, https:\/\/seminar-blaubeuren.de\/wp-content\/uploads\/2024\/01\/Traueranzeige-Morgenstern-1536x794.jpg 1536w, https:\/\/seminar-blaubeuren.de\/wp-content\/uploads\/2024\/01\/Traueranzeige-Morgenstern-2048x1059.jpg 2048w, https:\/\/seminar-blaubeuren.de\/wp-content\/uploads\/2024\/01\/Traueranzeige-Morgenstern-350x181.jpg 350w\" sizes=\"(max-width: 2560px) 100vw, 2560px\" \/><\/p>\n","protected":false},"excerpt":{"rendered":"<p>Das Evangelische Seminar Blaubeuren trauert um seine ehemalige Lehrerin und Kollegin Dr. Andrea Morgenstern. Andrea Morgenstern versah \u00fcber zehn Jahre [&hellip;]<\/p>\n","protected":false},"author":7,"featured_media":78442,"comment_status":"closed","ping_status":"closed","sticky":false,"template":"","format":"standard","meta":{"footnotes":""},"categories":[1,189],"tags":[],"class_list":["post-78440","post","type-post","status-publish","format-standard","has-post-thumbnail","hentry","category-allgemein","category-seminar"],"_links":{"self":[{"href":"https:\/\/seminar-blaubeuren.de\/index.php\/wp-json\/wp\/v2\/posts\/78440","targetHints":{"allow":["GET"]}}],"collection":[{"href":"https:\/\/seminar-blaubeuren.de\/index.php\/wp-json\/wp\/v2\/posts"}],"about":[{"href":"https:\/\/seminar-blaubeuren.de\/index.php\/wp-json\/wp\/v2\/types\/post"}],"author":[{"embeddable":true,"href":"https:\/\/seminar-blaubeuren.de\/index.php\/wp-json\/wp\/v2\/users\/7"}],"replies":[{"embeddable":true,"href":"https:\/\/seminar-blaubeuren.de\/index.php\/wp-json\/wp\/v2\/comments?post=78440"}],"version-history":[{"count":3,"href":"https:\/\/seminar-blaubeuren.de\/index.php\/wp-json\/wp\/v2\/posts\/78440\/revisions"}],"predecessor-version":[{"id":78451,"href":"https:\/\/seminar-blaubeuren.de\/index.php\/wp-json\/wp\/v2\/posts\/78440\/revisions\/78451"}],"wp:featuredmedia":[{"embeddable":true,"href":"https:\/\/seminar-blaubeuren.de\/index.php\/wp-json\/wp\/v2\/media\/78442"}],"wp:attachment":[{"href":"https:\/\/seminar-blaubeuren.de\/index.php\/wp-json\/wp\/v2\/media?parent=78440"}],"wp:term":[{"taxonomy":"category","embeddable":true,"href":"https:\/\/seminar-blaubeuren.de\/index.php\/wp-json\/wp\/v2\/categories?post=78440"},{"taxonomy":"post_tag","embeddable":true,"href":"https:\/\/seminar-blaubeuren.de\/index.php\/wp-json\/wp\/v2\/tags?post=78440"}],"curies":[{"name":"wp","href":"https:\/\/api.w.org\/{rel}","templated":true}]}}